{"id":2384,"date":"2021-11-26T17:14:56","date_gmt":"2021-11-26T16:14:56","guid":{"rendered":"http:\/\/passionschroniques.fr\/?p=2384"},"modified":"2021-12-03T13:45:15","modified_gmt":"2021-12-03T12:45:15","slug":"on-se-ligue-pour-politis","status":"publish","type":"post","link":"https:\/\/passionschroniques.fr\/?p=2384","title":{"rendered":"ON SE LIGUE POUR POLITIS !"},"content":{"rendered":"\n<figure class=\"wp-block-image size-large is-resized\"><img loading=\"lazy\" src=\"http:\/\/passionschroniques.fr\/wp-content\/uploads\/2021\/11\/illustration147.jpg\" alt=\"\" class=\"wp-image-2386\" width=\"578\" height=\"756\" srcset=\"https:\/\/passionschroniques.fr\/wp-content\/uploads\/2021\/11\/illustration147.jpg 350w, https:\/\/passionschroniques.fr\/wp-content\/uploads\/2021\/11\/illustration147-229x300.jpg 229w, https:\/\/passionschroniques.fr\/wp-content\/uploads\/2021\/11\/illustration147-23x30.jpg 23w\" sizes=\"(max-width: 578px) 100vw, 578px\" \/><figcaption>Couverture du hors-s\u00e9rie Politis \/ LDH, en vente en kiosques. Avec leur aimable autorisation.<\/figcaption><\/figure>\n\n\n\n<p><strong>Il est souvent question de presse et de m\u00e9dias ici, et il conviendrait d\u2019ouvrir un nouvel onglet sp\u00e9cifique pour des chroniques qui prennent place pour l\u2019instant dans le vaste domaine du social. Apr\u00e8s tout, c\u2019est aussi une cat\u00e9gorie sociale et politique. On parle cette fois d\u2019un excellent journal \u2013 <em>Politis<\/em> &#8211; qui va mal, d\u2019un partenariat du m\u00eame journal avec la LDH pour un num\u00e9ro sp\u00e9cial et, pour conclure sur cette rencontre naturelle entre un canard engag\u00e9 et ind\u00e9pendant et une association humaniste, d\u2019un forum citoyen qui se tiendra \u00e0 Lille, d\u00e9but d\u00e9cembre. Avec une table <em>Politis<\/em> bien s\u00fbr. La boucle est boucl\u00e9e&nbsp;!<\/strong><\/p>\n\n\n\n<p><em>Politis <\/em>d\u2019abord, un hebdomadaire n\u00e9 en f\u00e9vrier 1988 et dont on a pu f\u00eater les 30 ans il n\u2019y a pas si longtemps. Un journal \u00e0 la fois politique, social et \u00e9cologique (rouge et vert), avec des pages culturelles de qualit\u00e9 et une attention particuli\u00e8re \u00e0 tout ce qui bouge dans la soci\u00e9t\u00e9.<\/p>\n\n\n\n<p>En 1988, Bernard Langlois, ex journaliste de <em>T\u00e9moignage chr\u00e9tien<\/em>, de<em> La vie catholique<\/em>, d\u2019E<em>urope 1<\/em> puis d\u2019<em>Antenne 2<\/em>, a l\u2019ambition de faire para\u00eetre un hebdomadaire authentiquement de gauche, quand <em>Le nouvel observateur<\/em> n\u2019en finit par de se recentrer sur une ligne social-lib\u00e9rale et que les autres hebdos de gauche, \u00e0 part bien s\u00fbr la presse satirique, sont des tribunes de partis politiques.<\/p>\n\n\n\n<p>D\u00e8s le d\u00e9part, celui qui est toujours le sp\u00e9cialiste \u00e8s politique int\u00e9rieure, Michel Soudais, est de l\u2019aventure, car c\u2019en est une. Il y aura aussi des journalistes exp\u00e9riment\u00e9s comme Michel Naudy, des activistes comme Maurice Najman (qui suivra la chute du mur de Berlin) ou des gens dont ce sera le tremplin comme Jean-Michel Apathie (eh oui) ou Paul Moreira. Mais il serait vain de citer des noms que tout le monde a oubli\u00e9s.<\/p>\n\n\n\n<p>L\u2019hebdomadaire veut \u00e0 l\u2019\u00e9poque concilier social et \u00e9cologie, se colleter aux questions de soci\u00e9t\u00e9 et avoir un regard original sur l\u2019international. Tr\u00e8s vite, la r\u00e9daction s\u2019\u00e9toffe avec le renfort de Denis Sieffert (toujours \u00e9ditorialiste), de Fran\u00e7oise Galland, de Fran\u00e7oise Escarpit et de Arezki Metref (pour l&rsquo;\u00e9tranger)  ou de Jacques Bertin, chanteur engag\u00e9 et po\u00e8te qui prendra la rubrique culturelle. <em>Politis<\/em> se veut aussi l\u2019expression \u0153cum\u00e9nique de tous les courants de la gauche radicale, sur le mod\u00e8le de ce que pouvait \u00eatre <em>Politique Hebdo<\/em>, journal lui aussi engag\u00e9 paru de 1969 \u00e0 1974. La LCR a voix au chapitre avec Robert Beauvais, le PSU avec Jacques Kergoat, de m\u00eame que le PCF avec Naudy ou Jean-Paul Besset pour les Verts et&#8230; Jean-Luc M\u00e9lanchon lui-m\u00eame pour le P.S.<\/p>\n\n\n\n<p>D\u00e9j\u00e0, outre Denis Sieffert, on peut lire les grandes plumes qui font encore le journal actuellement\u00a0: Patrick Piro, sp\u00e9cialiste environnement et \u00e9cologie avec Fabrice Nicolino (parti \u00e0 <em>Charlie Hebdo<\/em>), Christophe Kantcheff, qui sera r\u00e9dacteur en chef de pages culturelles, Thierry Brun pour l\u2019\u00e9conomie et le social ou encore Jean-Claude Renard pour l\u2019analyse des m\u00e9dias, le sport, la gastronomie ou la photo. \u00c9clectique.<\/p>\n\n\n\n<p>Les pages culturelles sont tenues par Jacques Vassal (ex fondateur de <em>Rock &amp; Folk<\/em>) pour le rock, Pierre Jeancolas pour le cin\u00e9ma, Gilles Costaz pour le th\u00e9\u00e2tre ou Kantcheff pour la litt\u00e9rature. Le lien avec les secteurs militants est assur\u00e9 par l\u2019agenda, toujours pr\u00e9sent et <em>Politis <\/em>devient membre fondateur d\u2019Attac apr\u00e8s une p\u00e9riode de vache maigre au milieu des ann\u00e9es 1990 o\u00f9 il est r\u00e9duit \u00e0 un 16 pages qui fait un peu tract.<\/p>\n\n\n\n<p>Mais la fin de cette d\u00e9cennie et les combats altermondialistes donnent une nouvelle impulsion au journal. Bertin claque la porte, Sieffert prend la direction (et l\u2019\u00e9ditorial) et Langlois se distingue par une chronique d\u2019humeur toujours bien venue. Des chroniques r\u00e9guli\u00e8res d\u2019\u00e9conomistes qu\u2019on appelait pas encore atterr\u00e9s et proches d\u2019Attac (notre Jean Gadrey, Dominique Plihon, Thomas Coutrot, Liem Ngoc, Genevi\u00e8ve Hazam, J\u00e9r\u00f4me Gleize, Jean-Marie Harribey\u2026) sont \u00e0 lire chaque semaine. Les pages culturelles s\u2019\u00e9toffent sous la houlette de Christophe Kantcheff (avec l\u2019ami Jacques Vincent pour le rock, Denis-Constant Martin pour le jazz ou Marion Dumand pour la B.D). Claude-Marie Vadrot, un ancien de <em>Politique Hebdo<\/em>, revient au bercail apr\u00e8s avoir tenu la rubrique \u00c9cologie au <em>Canard <\/em>ou au <em>JDD<\/em>. Mais le reflux viendra vite. Malgr\u00e9 l\u2019arriv\u00e9e de journalistes comme Pauline Graule (qui partira plus tard \u00e0 <em>Mediapart<\/em>) ou de Ingrid Merckx pour les pages soci\u00e9t\u00e9, les ventes de <em>Politis<\/em> d\u00e9clinent et le journal est dans le rouge pour un premier appel \u00e0 ses lecteurs en 2006. Un appel auquel il sera massivement r\u00e9pondu et qui jettera les bases de l\u2019association <em>Pour<\/em> <em>Politis<\/em>, d\u00e9tentrice de la moiti\u00e9 des si\u00e8ges au Conseil d\u2019administration comme de la moiti\u00e9 du capital du journal. Les A.G, depuis 2007, r\u00e9unissent journalistes et lecteurs et les membres du coll\u00e8ge lecteurs ont pour t\u00e2che principale d\u2019animer des tables de vente de journaux pour donner un coup de main. Une exp\u00e9rience originale dans la presse o\u00f9 le lecteur a une place centrale, sans toutefois influer sur la ligne \u00e9ditoriale. C\u2019est ainsi qu\u2019on a souvent vu votre serviteur tenir une table \u00e0 l\u2019occasion de d\u00e9bats publics dans la m\u00e9tropole lilloise, en plus d\u2019encombrer le Courrier des lecteurs.<\/p>\n\n\n\n<p>Les ann\u00e9es 2010 voient d\u2019autres journalistes d\u00e9barquer comme Vanina Delmas, qui suit l\u2019\u00e9cologie \u00e0 la place de Patrick Piro reconverti en grand reporter pour les pages \u00c9tranger, Olivier Doubre pour les pages Id\u00e9es ou S\u00e9bastien Fontenelle pour une chronique d\u00e9capante. Suivront des journalistes prometteurs comme Erwan Manac\u2019h qui reprend l\u2019\u00e9conomie, Agathe Mercante (ex <em>Les \u00c9chos<\/em>) pour la politique, Nadia Sweeny et quelques autres, des jeunes. Les A.G se succ\u00e8dent, qui font le point sur la sant\u00e9 \u00e9conomique du journal et permettent le d\u00e9bat sur les choix \u00e9ditoriaux et les contenus. Les chroniques de Langlois sont \u00e0 suivre sur son blog (abandonn\u00e9 depuis) et Sieffert assume en fait les fonctions de directeur depuis 1998. <em>Politis<\/em> fait parler de lui en lan\u00e7ant des appels pour l\u2019unit\u00e9 de la gauche, pour le climat, pour les migrants, mais son lectorat stagne et, malgr\u00e9 de nombreux changements de formule, les abonnements sont \u00e0 la baisse et les ventes en kiosque faibles.<\/p>\n\n\n\n<p>Sieffert c\u00e8de la place \u00e0 Agn\u00e8s Rousseaux, directrice de <em>Bastamag<\/em>, et des synergies entre les deux titres se font jour. Un nouveau r\u00e9dac\u2019 chef, Gilles Wullus, et une \u00e9quipe rajeunie ne parviennent pas \u00e0 enrayer le d\u00e9clin et <em>Politis<\/em>, dans son dernier num\u00e9ro, lance un appel au don avec encore plus de gravit\u00e9. 500.000 \u20ac d\u2019ici la fin de l\u2019ann\u00e9e ou le journal cesse de para\u00eetre. L\u2019enjeu est de taille.<\/p>\n\n\n\n<p>C\u2019est dans ce contexte chahut\u00e9 que sort le nouveau hors-s\u00e9rie concoct\u00e9 avec la Ligue des Droits de l\u2019Homme intitul\u00e9 <em>Libert\u00e9s fondamentales&nbsp;: un combat vital<\/em>. Les attentats terroristes et la pand\u00e9mie ont donn\u00e9 lieu \u00e0 des mesures d\u2019\u00e9tat d\u2019urgence qui s\u2019invitent plus tard dans les lois puis dans la constitution. Naomi Klein appelait cela la strat\u00e9gie du choc et, sans \u00eatre complotiste, on voit bien que les gouvernements successifs profitent de la sid\u00e9ration n\u00e9e des circonstances pour renforcer leur pouvoir, criminaliser les mouvements sociaux et r\u00e9primer les manifestants, qu\u2019ils soient Gilets jaunes, jeunes de banlieue ou syndicalistes.<\/p>\n\n\n\n<p>Un num\u00e9ro de qualit\u00e9, comme toujours, qui commence avec une interview crois\u00e9e de Ma\u00eetre Henri Leclerc et du philosophe Etienne Balibar. La question des libert\u00e9s et de leur restriction est envisag\u00e9e sous tous les angles&nbsp;: police, justice, institutions, information, Internet, religion, associations, recherche, migrations\u2026 Des articles passionnants sign\u00e9s de personnalit\u00e9s comme, entre autres, Evelyne Sire-Martin, Julia Cag\u00e9, Alain Damasio ou Charlotte Girard pour un fort num\u00e9ro coordonn\u00e9 par Christophe Kantcheff. Il ne s\u2019agit pas seulement d\u2019un \u00e9tat des lieux sur la r\u00e9gression de nos libert\u00e9s assorti de mises en garde, car le num\u00e9ro contient aussi des propositions visant \u00e0 sortir de cette spirale antid\u00e9mocratique en repensant nos rapports \u00e0 l\u2019autorit\u00e9 \u2013 politique ou \u00e9conomique -, la tension entre s\u00e9curit\u00e9 et libert\u00e9 et, plus g\u00e9n\u00e9ralement, il traite de deux questions fondamentales&nbsp;: quelle vie possible dans nos soci\u00e9t\u00e9s oppressives et quel avenir pour nos libert\u00e9s&nbsp;?<\/p>\n\n\n\n<p>Ces th\u00e8mes seront aussi d\u00e9battus lors du Forum des libert\u00e9s organis\u00e9 par la LDH \u00e0 Lille du 6 au 12 d\u00e9cembre. L\u2019affiche est all\u00e9chante, avec des tables rondes, des conf\u00e9rences, un village associatif et un concert avec la Compagnie du Tire-laine le 10 d\u00e9cembre. L\u2019action se passe dans diff\u00e9rents endroits de la ville et, parmi les intervenants, on peut citer, entre beaucoup d\u2019autres, Micha\u00ebl Zemmour (un nom dur \u00e0 porter mais il n\u2019y est pour rien), Jean-Louis Bianco, Vanessa Codaccioni, Nicolas Lebourg, Julien Talpin ou encore Danielle Tartakowsky. On se reportera utilement au lien ci-dessous pour le programme d\u00e9taill\u00e9 puisque, sur les quelques 75 personnes \u00e0 qui j\u2019envoie ce blog, la plupart sont de la m\u00e9tropole lilloise. Libert\u00e9 de manifester, discriminations, droit d\u2019asile, obsessions s\u00e9curitaires, protection sociale, la\u00efcit\u00e9, libert\u00e9s acad\u00e9miques, extr\u00eame-droite\u2026 Tous les th\u00e8mes abord\u00e9s dans le hors-s\u00e9rie de <em>Politis<\/em> seront repris ici avec souvent des contributeurs du num\u00e9ro sp\u00e9cial.<\/p>\n\n\n\n<p>J\u2019allais oublier, il y aura des tables <em>Politis<\/em> jeudi 9 d\u00e9cembre Espace Marx \u00e0 Hellemmes \u2013 Lille \u00e0 partir de 18h, et le lendemain vendredi 10 d\u00e9cembre salle Courmont \u00e0 partir de 17h. Je serai fier d\u2019\u00eatre l\u00e0 \u00e0 la fois pour le journal avec lequel j\u2019entretiens une vieille relation d\u2019amiti\u00e9, et pour la LDH, institution pour les droits et les libert\u00e9s dont les militants infatigables ont fait le choix de la fraternit\u00e9, de l\u2019humanisme et de la justice.<\/p>\n\n\n\n<p>Des soir\u00e9es \u00e0 ne pas manquer o\u00f9 on pourra concilier le savoir, l\u2019information, le militantisme, le d\u00e9bat et la f\u00eate. On joindra l\u2019utile \u00e0 l\u2019agr\u00e9able et on tendra la s\u00e9bile pour renflouer les caisses de <em>Politis, <\/em>un journal qui nous est devenu, au fil du temps, indispensable.<\/p>\n\n\n\n<p>Une pr\u00e9cision, le hors-s\u00e9rie est d\u00e9di\u00e9 \u00e0 la m\u00e9moire de Serge Tubiana, le Forum aussi, on ose croire.<\/p>\n\n\n\n<p>HTTPS:\/\/SITE.LDH-FRANCE.ORG\/LILLE\/ FORUM-DES-LIBERTES\/<\/p>\n\n\n\n<p><em>20 novembre 2021<\/em><\/p>\n","protected":false},"excerpt":{"rendered":"<p>Il est souvent question de presse et de m\u00e9dias ici, et il conviendrait d\u2019ouvrir un nouvel onglet sp\u00e9cifique pour des chroniques qui prennent place pour l\u2019instant dans le vaste domaine du social. Apr\u00e8s tout, c\u2019est aussi une cat\u00e9gorie sociale et politique. On parle cette fois d\u2019un excellent journal \u2013 Politis &#8211; qui va mal, d\u2019un&#8230;<\/p>\n<div class=\" [&hellip;]\"><a href=\"https:\/\/passionschroniques.fr\/?p=2384\">Read More <i class=\"os-icon os-icon-angle-right\"><\/i><\/a><\/div>\n","protected":false},"author":1,"featured_media":2386,"comment_status":"open","ping_status":"open","sticky":false,"template":"","format":"standard","meta":[],"categories":[34,47],"tags":[],"_links":{"self":[{"href":"https:\/\/passionschroniques.fr\/index.php?rest_route=\/wp\/v2\/posts\/2384"}],"collection":[{"href":"https:\/\/passionschroniques.fr\/index.php?rest_route=\/wp\/v2\/posts"}],"about":[{"href":"https:\/\/passionschroniques.fr\/index.php?rest_route=\/wp\/v2\/types\/post"}],"author":[{"embeddable":true,"href":"https:\/\/passionschroniques.fr\/index.php?rest_route=\/wp\/v2\/users\/1"}],"replies":[{"embeddable":true,"href":"https:\/\/passionschroniques.fr\/index.php?rest_route=%2Fwp%2Fv2%2Fcomments&post=2384"}],"version-history":[{"count":4,"href":"https:\/\/passionschroniques.fr\/index.php?rest_route=\/wp\/v2\/posts\/2384\/revisions"}],"predecessor-version":[{"id":2404,"href":"https:\/\/passionschroniques.fr\/index.php?rest_route=\/wp\/v2\/posts\/2384\/revisions\/2404"}],"wp:featuredmedia":[{"embeddable":true,"href":"https:\/\/passionschroniques.fr\/index.php?rest_route=\/wp\/v2\/media\/2386"}],"wp:attachment":[{"href":"https:\/\/passionschroniques.fr\/index.php?rest_route=%2Fwp%2Fv2%2Fmedia&parent=2384"}],"wp:term":[{"taxonomy":"category","embeddable":true,"href":"https:\/\/passionschroniques.fr\/index.php?rest_route=%2Fwp%2Fv2%2Fcategories&post=2384"},{"taxonomy":"post_tag","embeddable":true,"href":"https:\/\/passionschroniques.fr\/index.php?rest_route=%2Fwp%2Fv2%2Ftags&post=2384"}],"curies":[{"name":"wp","href":"https:\/\/api.w.org\/{rel}","templated":true}]}}