{"id":3568,"date":"2023-09-28T17:33:34","date_gmt":"2023-09-28T15:33:34","guid":{"rendered":"http:\/\/passionschroniques.fr\/?p=3568"},"modified":"2023-09-28T17:33:36","modified_gmt":"2023-09-28T15:33:36","slug":"gilles-perrault-un-homme-a-part","status":"publish","type":"post","link":"https:\/\/passionschroniques.fr\/?p=3568","title":{"rendered":"GILLES PERRAULT : UN HOMME \u00c0 PART"},"content":{"rendered":"\n<figure class=\"wp-block-image size-large is-resized\"><img loading=\"lazy\" src=\"http:\/\/passionschroniques.fr\/wp-content\/uploads\/2023\/09\/illustration350.jpg\" alt=\"\" class=\"wp-image-3570\" width=\"579\" height=\"786\" srcset=\"https:\/\/passionschroniques.fr\/wp-content\/uploads\/2023\/09\/illustration350.jpg 300w, https:\/\/passionschroniques.fr\/wp-content\/uploads\/2023\/09\/illustration350-221x300.jpg 221w, https:\/\/passionschroniques.fr\/wp-content\/uploads\/2023\/09\/illustration350-22x30.jpg 22w\" sizes=\"(max-width: 579px) 100vw, 579px\" \/><figcaption>Gilles Perrault sans pull-over et sans orchestre (rouges). Photo wikipedia<\/figcaption><\/figure>\n\n\n\n<p><strong>Journaliste, historien, essayiste et romancier, Gilles Perrault est mort cet \u00e9t\u00e9. Je garde de lui le souvenir d\u2019un homme engag\u00e9 crois\u00e9 lorsqu\u2019il soutenait les 7 de Lezennes, ces postiers syndicalistes r\u00e9prim\u00e9s. Perrault aura \u00e9t\u00e9 un brillant essayiste, qu\u2019il trait\u00e2t de Henri Curiel, de Hassan II, de Ranucci ou de Leopold Trepper. Retir\u00e9 dans sa Normandie d\u2019adoption, il n\u2019avait plus rien publi\u00e9 depuis longtemps. Une conscience et un intellectuel courageux, qui a d\u00fb pourtant subir la haine et la vindicte des roquets de l\u2019ultra-gauche. Quelques balises d\u2019un parcours exemplaire.<\/strong><\/p>\n\n\n\n<p>Parlerait-on de Gilles Perrault dans ce blog s\u2019il n\u2019avait \u00e9t\u00e9, tardivement, un soutien au mouvement social et, pour tout dire, une conscience de cette fin du XX\u00b0 si\u00e8cle, sur tous les fronts de lutte.<\/p>\n\n\n\n<p>Dans le Nord, on conna\u00eet Gilles Perrault pour son soutien aux 7 de L\u00e9zennes, ces postiers d\u2019un grand centre de tri de la banlieue lilloise criminalis\u00e9s pour faits de gr\u00e8ve requalifi\u00e9s en s\u00e9questration. C\u2019\u00e9tait en d\u00e9cembre 1990 et l\u2019affaire allait faire grand bruit.<\/p>\n\n\n\n<p>Les gr\u00e8ves \u00e0 L\u00e9zennes \u00e9tant rituelles en p\u00e9riode de fin d\u2019ann\u00e9e, la CFDT, cette ann\u00e9e-l\u00e0, avait d\u00e9cid\u00e9 la reprise, laissant les syndicalistes de Sud, alors un petit syndicat non repr\u00e9sentatif, seul face \u00e0 la direction. D\u2019o\u00f9 les sanctions lourdes qui s\u2019en sont suivies avec des demandes de r\u00e9vocation, ce qui ne s\u2019\u00e9tait pas vu depuis les ann\u00e9es 1950.<\/p>\n\n\n\n<p>Un livre fait \u00e9tat de cette lutte finalement victorieuse, m\u00eame si les camarades y ont laiss\u00e9 des plumes, mut\u00e9s et barr\u00e9s dans leurs carri\u00e8res. Il a pour titre<em> L\u2019acharnement<\/em>, acharnement dont a fait preuve la direction de La Poste qui voulait faire coup double&nbsp;: briser une gr\u00e8ve en faisant des exemples et casser l\u2019essor d\u2019un syndicat offensif \u2013 SUD PTT &#8211; en sanctionnant ses principales figures.<\/p>\n\n\n\n<p>J\u2019ai le souvenir d\u2019un Perrault intervenant \u00e0 Lille, souvent accompagn\u00e9 de Mgr Gaillot, de L\u00e9on Schwarzenberg et de Albert Jacquard&nbsp;; toutes ces personnalit\u00e9s venues l\u00e0 \u00e0 l\u2019appel de la LDH. Les interventions de Perrault \u00e9taient les plus claires mais aussi les plus \u00e9loquentes et les plus lyriques. On avait \u00e0 faire \u00e0 un tribun, au service du peuple. Rien que pour \u00e7a, le personnage fascinait, mais le bonhomme \u00e9tait beaucoup plus qu\u2019un porte-parole des opprim\u00e9s.<\/p>\n\n\n\n<p>N\u00e9 Jacques Peyroles \u00e0 Paris en 1931, il fait de brillantes \u00e9tudes \u00e0 l\u2019Institut d\u2019\u00e9tudes politiques avant de s\u2019orienter vers une carri\u00e8re d\u2019avocat. \u00c0 peine s\u2019est-il familiaris\u00e9 avec le barreau qu\u2019il part faire son service militaire en Alg\u00e9rie, apr\u00e8s la guerre, dans les parachutistes. Ce sera le premier chef d\u2019inculpation des gauchistes qui lui chercheront noise.<\/p>\n\n\n\n<p>Il y en aura d\u2019autres. Sous divers pseudonymes, Peyroles devenu Perrault publie des romans policiers, la plupart chez Fleuve noir, l\u2019\u00e9diteur de notre San Antonio national. Ses talents de plume le font remarquer par Pierre Lazareff, pape du journalisme \u00e0 l\u2019\u00e9poque, qui le recrute pour un hebdomadaire, <em>Le nouveau candide<\/em>, cens\u00e9 concurrencer <em>l\u2019Express<\/em> et<em> France Observateur<\/em>, jug\u00e9s trop anti-gaullistes. Perrault c\u00f4toie dans cette r\u00e9daction le r\u00e9actionnaire atrabilaire Jean Dutourd, futur acad\u00e9micien et \u00e9ternel anar de droite, ou encore l\u2019ultra catholique Andr\u00e9 Frossard, qui fera plus tard \u00ab&nbsp;cavalier seul&nbsp;\u00bb au<em> Point<\/em>. Loin de ses ambitions, l\u2019hebdomadaire dispara\u00eetra dans l\u2019indiff\u00e9rence g\u00e9n\u00e9rale, en 1967.<\/p>\n\n\n\n<p>Des d\u00e9buts plut\u00f4t marqu\u00e9s \u00e0 droite, donc, mais Perrault, contrairement \u00e0 beaucoup de ses contemporains, commencera \u00e0 droite pour finir \u00e0 l\u2019extr\u00eame-gauche. D\u2019habitude, c\u2019est plut\u00f4t l\u2019inverse, du col Mao au Rotary, selon la formule de Guy Hocquengheim. Le ch\u0153ur des gauchistes lui reprochera toujours ce pass\u00e9 ambigu, allant jusqu\u2019\u00e0 lui faire un proc\u00e8s en antis\u00e9mitisme.<\/p>\n\n\n\n<p>Apr\u00e8s ces d\u00e9buts dans le journalisme, Perrault va prendre sa pleine dimension d\u2019essayiste et d\u2019enqu\u00eateur. Il a d\u00e9j\u00e0 r\u00e9alis\u00e9 des travaux d\u2019historien sur le d\u00e9barquement et sur la seconde guerre mondiale, et il publie, en 1967,<em> L\u2019orchestre rouge<\/em> sur un r\u00e9seau d\u2019espionnage clandestin (pl\u00e9onasme?) qui combattra le nazisme avec \u00e0 sa t\u00eate un certain Leopold Trepper.<\/p>\n\n\n\n<p>S\u2019en suivront une s\u00e9rie de d\u2019essais et de documents dont les plus c\u00e9l\u00e8bres seront, dans l\u2019ordre, <em>Le pull-over rouge, Notre ami le roi <\/em>et<em> Un homme \u00e0 part<\/em>. Trois essais rigoureux et document\u00e9s qui vont marquer les derni\u00e8res d\u00e9cennies du si\u00e8cle.<\/p>\n\n\n\n<p>Tout d\u2019abord<em> Le pull-over rouge<\/em>, sur l\u2019affaire Ranucci, condamn\u00e9 \u00e0 mort pour le meurtre d\u2019un adolescent. Perrault m\u00e8ne la contre-enqu\u00eate et d\u00e9nonce les insuffisances de l\u2019enqu\u00eate polici\u00e8re. L\u2019animateur Philippe Alfonsi l\u2019invite sur <em>Europe 1<\/em> o\u00f9 Perrault parle de forfaiture, s\u2019attirant les foudres de la corporation et des syndicats de police. Il n\u2019emp\u00eache, la contre-enqu\u00eate est cr\u00e9dible et laisse en tout cas planer le doute. Robert Badinter s\u2019en souviendra quand il s\u2019agira de proposer d\u2019abolir la peine de mort.<\/p>\n\n\n\n<p><em>Notre ami le roi<\/em>, encore plus politique, est un document \u00e0 charge contre Hassan II, son r\u00e9gime, sa police et ses services secrets, ce qu\u2019on appelle le Makhzen, ou l\u2019appareil \u00e9tatique marocain. Les dessous d\u2019une politique sanguinaire et brutale o\u00f9 les opposants ne font pas long feu et o\u00f9 le peuple a tout int\u00e9r\u00eat \u00e0 se taire. Perrault s\u2019indigne des rapports cordiaux que le roi du Maroc et sa cour entretiennent avec la France, tous r\u00e9gimes confondus. On lui en voudra d\u2019avoir d\u00e9nonc\u00e9 une complicit\u00e9 qui a connu ses grandes heures avec les Ben Barka ou les Oufkir.<\/p>\n\n\n\n<p>En 1980, Perrault, d\u00e9j\u00e0 auteur de plusieurs scenarii, travaille avec Michel Deville pour son film <em>Le dossier 51<\/em>, l\u2019un des plus grands films d\u2019auteur fran\u00e7ais o\u00f9 on voit les services secrets \u00e9tablir un dossier complet sur un citoyen lambda soup\u00e7onn\u00e9, sans la moindre preuve, d\u2019espionnage. Un cauchemar parano\u00efaque implacable qui a marqu\u00e9 des g\u00e9n\u00e9rations de cin\u00e9philes.<\/p>\n\n\n\n<p>Henri Curiel \u00e9tait un \u00c9gyptien n\u00e9 d\u2019une famille bourgeoise devenu militant tiers-mondiste, porteur de valise pendant la guerre d\u2019Alg\u00e9rie. Curiel assassin\u00e9, comme Pierre Goldman, par un groupe auto-baptis\u00e9 Honneur de la police. L\u00e0 encore, Perrault d\u00e9cortique l\u2019affaire et remonte les pistes jusqu\u2019aux services secrets isra\u00e9liens et aux militaires alg\u00e9riens, les uns avec l\u2019aval des \u00c9tats-Unis, les autres encourag\u00e9s par l\u2019URSS. Un cas d\u2019\u00e9cole de la g\u00e9o-politique \u00e0 travers l\u2019imp\u00e9rialisme des grandes puissances et leurs vassaux.<\/p>\n\n\n\n<p>Des auteurs de polar comme Didier Daenynckx, Jean-Fran\u00e7ois Vilar ou Serge Quadruppani feront \u00e0 Perrault un proc\u00e8s en sorcellerie, d\u00e9busquant la moindre erreur factuelle de ses livres pour en faire un plagiaire ou un bidonneur, presque un imposteur. On lui reprochera son pass\u00e9 de parachutiste, ses piges dans la presse de droite et un antis\u00e9mitisme dont il se d\u00e9fendra toujours avec \u00e9nergie.<\/p>\n\n\n\n<p>C\u2019est dans les ann\u00e9es 1990 que Perrault prend sa dimension d\u2019homme public. Il donne de son \u00e9nergie et de son temps pour d\u00e9fendre toutes les causes qui lui tiennent \u00e0 c\u0153ur, travaillant aussi bien avec les comit\u00e9s de Sans-papiers, le DAL, les ch\u00f4meurs, les taulards et les victimes du rouleau compresseur capitaliste. Il fait partie, avec les personnalit\u00e9s cit\u00e9es en d\u00e9but de cet article, des consciences politiques et sociales d\u2019un pays qui, avec Chirac et Pasqua, s\u2019enfonce dans la nuit s\u00e9curitaire et anti-sociale. Il devient \u00e9galement un habitu\u00e9 des colonnes du<em> Monde Diplomatiqu<\/em>e qui appr\u00e9cie ses talents de pamphl\u00e9taire.<\/p>\n\n\n\n<p>\u00ab&nbsp;Je suis d\u00e9sormais inscrit \u00e0 l\u2019ANPE de la militance&nbsp;\u00bb, \u00e9crira-t-il, lui qui aura \u00e9t\u00e9 une figure pacifiste pendant la guerre du Golfe, qui aura d\u00e9nonc\u00e9 Papon, combattu le Front National et aura \u00e9t\u00e9 \u00e0 l\u2019origine de Ras L\u2019Front. En 1997, il sera pr\u00e9sident des amis de<em> l\u2019Humanit\u00e9<\/em> et militera pour la lib\u00e9ration des prisonniers ex Action Directe. On conna\u00eet moins son combat pour la lib\u00e9ralisation de l\u2019euthanasie et le droit de mourir dans la dignit\u00e9.<\/p>\n\n\n\n<p>Perrault sera bless\u00e9 de devoir faire face \u00e0 d\u2019incessantes attaques men\u00e9es par des chevaliers rouges d\u00e9sireux de se faire une personnalit\u00e9 de plus en plus m\u00e9diatis\u00e9e. On veut en faire un imposteur et un d\u00e9magogue, et l\u2019essayiste en viendra \u00e0 des sujets plus l\u00e9gers. Des romans o\u00f9 \u00e9clatent ses talents d\u2019\u00e9crivain, comme <em>Le gar\u00e7on aux yeux gris<\/em>, qui deviendra un film d\u2019Andr\u00e9 T\u00e9chin\u00e9 sous le titre <em>Les \u00e9gar\u00e9s<\/em>. Car Perrault est aussi un \u00e9crivain sensible et inspir\u00e9, en plus d\u2019\u00eatre un essayiste rigoureux. En tout cas, il se r\u00e9fugie dans sa Normandie d\u2019adoption et cesse de publier.<\/p>\n\n\n\n<p>Il y est d\u00e9c\u00e9d\u00e9 le 3 ao\u00fbt 2023, loin du tumulte de la politique et loin de tous ceux qui ont tent\u00e9 de le d\u00e9shonorer. Pour plusieurs g\u00e9n\u00e9rations de militants, Gilles Perrault restera un phare, une conscience, un exemple, et on retiendra autant ses talents de plume et sa rigueur journalistique que ses qualit\u00e9s de tribun.<\/p>\n\n\n\n<p>Des gens comme lui laissent un vide immense car ils auront fait partie des rares intellectuels et universitaires capables de s\u2019engager et de mener des campagnes militantes. En tout cas, dans les syndicats SUD PTT et plus g\u00e9n\u00e9ralement \u00e0 Solidaires, on ne l\u2019oubliera pas.<\/p>\n\n\n\n<p><em>30 ao\u00fbt 2023<\/em><\/p>\n","protected":false},"excerpt":{"rendered":"<p>Journaliste, historien, essayiste et romancier, Gilles Perrault est mort cet \u00e9t\u00e9. Je garde de lui le souvenir d\u2019un homme engag\u00e9 crois\u00e9 lorsqu\u2019il soutenait les 7 de Lezennes, ces postiers syndicalistes r\u00e9prim\u00e9s. Perrault aura \u00e9t\u00e9 un brillant essayiste, qu\u2019il trait\u00e2t de Henri Curiel, de Hassan II, de Ranucci ou de Leopold Trepper. Retir\u00e9 dans sa Normandie&#8230;<\/p>\n<div class=\" [&hellip;]\"><a href=\"https:\/\/passionschroniques.fr\/?p=3568\">Read More <i class=\"os-icon os-icon-angle-right\"><\/i><\/a><\/div>\n","protected":false},"author":1,"featured_media":3570,"comment_status":"open","ping_status":"open","sticky":false,"template":"","format":"standard","meta":[],"categories":[34,47],"tags":[],"_links":{"self":[{"href":"https:\/\/passionschroniques.fr\/index.php?rest_route=\/wp\/v2\/posts\/3568"}],"collection":[{"href":"https:\/\/passionschroniques.fr\/index.php?rest_route=\/wp\/v2\/posts"}],"about":[{"href":"https:\/\/passionschroniques.fr\/index.php?rest_route=\/wp\/v2\/types\/post"}],"author":[{"embeddable":true,"href":"https:\/\/passionschroniques.fr\/index.php?rest_route=\/wp\/v2\/users\/1"}],"replies":[{"embeddable":true,"href":"https:\/\/passionschroniques.fr\/index.php?rest_route=%2Fwp%2Fv2%2Fcomments&post=3568"}],"version-history":[{"count":3,"href":"https:\/\/passionschroniques.fr\/index.php?rest_route=\/wp\/v2\/posts\/3568\/revisions"}],"predecessor-version":[{"id":3572,"href":"https:\/\/passionschroniques.fr\/index.php?rest_route=\/wp\/v2\/posts\/3568\/revisions\/3572"}],"wp:featuredmedia":[{"embeddable":true,"href":"https:\/\/passionschroniques.fr\/index.php?rest_route=\/wp\/v2\/media\/3570"}],"wp:attachment":[{"href":"https:\/\/passionschroniques.fr\/index.php?rest_route=%2Fwp%2Fv2%2Fmedia&parent=3568"}],"wp:term":[{"taxonomy":"category","embeddable":true,"href":"https:\/\/passionschroniques.fr\/index.php?rest_route=%2Fwp%2Fv2%2Fcategories&post=3568"},{"taxonomy":"post_tag","embeddable":true,"href":"https:\/\/passionschroniques.fr\/index.php?rest_route=%2Fwp%2Fv2%2Ftags&post=3568"}],"curies":[{"name":"wp","href":"https:\/\/api.w.org\/{rel}","templated":true}]}}