{"id":3593,"date":"2023-10-27T23:30:49","date_gmt":"2023-10-27T21:30:49","guid":{"rendered":"http:\/\/passionschroniques.fr\/?p=3593"},"modified":"2023-10-29T20:11:33","modified_gmt":"2023-10-29T19:11:33","slug":"de-brics-et-de-broc","status":"publish","type":"post","link":"https:\/\/passionschroniques.fr\/?p=3593","title":{"rendered":"DE BRICS ET DE BROC"},"content":{"rendered":"\n<figure class=\"wp-block-image size-large is-resized\"><img loading=\"lazy\" src=\"http:\/\/passionschroniques.fr\/wp-content\/uploads\/2023\/10\/imagespourblog3.jpg\" alt=\"\" class=\"wp-image-3595\" width=\"579\" height=\"426\" srcset=\"https:\/\/passionschroniques.fr\/wp-content\/uploads\/2023\/10\/imagespourblog3.jpg 400w, https:\/\/passionschroniques.fr\/wp-content\/uploads\/2023\/10\/imagespourblog3-300x221.jpg 300w, https:\/\/passionschroniques.fr\/wp-content\/uploads\/2023\/10\/imagespourblog3-30x22.jpg 30w\" sizes=\"(max-width: 579px) 100vw, 579px\" \/><figcaption>Dessin <em>Times<\/em> (je crois), sauf que celui de droite (extr\u00eame) ressemble plut\u00f4t \u00e0 notre Ciotti.<\/figcaption><\/figure>\n\n\n\n<p><strong>Je ne parvenais pas \u00e0 me d\u00e9cider entre parler du renouveau du syndicalisme am\u00e9ricain \u00e0 travers les gr\u00e8ves du syndicat U.A.W (United Auto Workers) dans les Big Three (General Motors, Ford et Stellandis ex Chrysler) et les BRICS. Finalement, ce seront les BRICS dont on a beaucoup parl\u00e9 cet \u00e9t\u00e9. Les BRICS augment\u00e9s ou Brics + qui cherchent \u00e0 b\u00e2tir un nouvel ordre mondial \u00e0 travers l\u2019aspiration \u00e0 une monnaie nouvelle, hors dollar, et la contestation de l\u2019h\u00e9g\u00e9monie politique des \u00c9tats-Unis et de l\u2019Europe occidentale. Beaucoup de bruit pour rien&nbsp;?, comme disait Shakespeare. Pas s\u00fbr du tout. Et si les BRICS \u00e9taient le nouveau nom des \u00ab&nbsp;non align\u00e9s&nbsp;\u00bb, pr\u00e8s de 70 ans plus tard\u2026<\/strong><\/p>\n\n\n\n<p>\u00c7a s\u2019est pass\u00e9 en 1955 \u00e0 Bandung sur l\u2019\u00eele de Java (Indon\u00e9sie) et sous l\u2019\u00e9gide du g\u00e9n\u00e9ral Sokarno, celui que son peuple appelait affectueusement \u00abcamarade Karno&nbsp;\u00bb. Un leader socialiste qui allait \u00eatre renvers\u00e9 dix ans plus tard \u00e0 la suite d\u2019une terrible h\u00e9catombe qui fera 500.000 morts, selon certaines sources. Certaines autres atteignent le million mais, \u00e0 ce stade, on ne compte plus.<\/p>\n\n\n\n<p>La conf\u00e9rence des non-align\u00e9s \u00e0 Bandung avait pour sous-titre \u00ab&nbsp;les solidarit\u00e9s afro-asiatiques&nbsp;\u00bb et elle avait \u00e9t\u00e9 mise en place, d\u00e8s 1954, par le groupe de Colombo et ses cinq pays organisateurs&nbsp;: l\u2019Inde, Ceylan (actuel Sri Lanka), l\u2019Indon\u00e9sie, la Birmanie et le Pakistan. Du 18 au 24 avril 1955, il s\u2019\u00e9tait agi de donner un contour et une strat\u00e9gie \u00e0 une coalition d\u2019\u00e9tats h\u00e9t\u00e9roclites mais tous d\u00e9termin\u00e9s \u00e0 \u00e9chapper \u00e0 la domination am\u00e9ricaine ou sovi\u00e9tique dans un contexte de guerre froide et de p\u00e9ril atomique.<\/p>\n\n\n\n<p>D\u2019autres nations s\u2019\u00e9taient jointes au groupe fondateur, notamment la Chine repr\u00e9sent\u00e9e par Chou-En-La\u00ef et, c\u00f4t\u00e9 europ\u00e9en, la Yougoslavie du mar\u00e9chal Tito, aka Josip Broz. Bien d\u2019autres leaders de pays qu\u2019on appelait encore le tiers-monde avaient fait le d\u00e9placement et les chancelleries am\u00e9ricaines, russes et europ\u00e9ennes suivaient attentivement ce qui potentiellement pouvait mettre \u00e0 mal leur domination.<\/p>\n\n\n\n<p>Malgr\u00e9 d\u2019autres rendez-vous, avec souvent l\u2019Alg\u00e9rie ind\u00e9pendante en t\u00eate de gondole, les non-align\u00e9s n\u2019ont pas r\u00e9ussi \u00e0 faire na\u00eetre un nouvel \u00e9tat du monde. Trop h\u00e9t\u00e9roclites, trop dispers\u00e9s, trop mus par des int\u00e9r\u00eats contradictoires. Le non-alignement est devenu une belle histoire qui revient r\u00e9guli\u00e8rement dans les colonnes du <em>Monde Diplomatique<\/em>, mais la r\u00e9alit\u00e9 est que le mouvement n\u2019a pas pris, trop disparate, et que les grandes puissances sont rest\u00e9es h\u00e9g\u00e9moniques.<\/p>\n\n\n\n<p>En sera-t-il de m\u00eame avec les Brics, qui ne poursuivent pas les m\u00eames buts et ont aussi des int\u00e9r\u00eats divergents, mais la puissance qu\u2019ils repr\u00e9sentent en tant que flux mon\u00e9taires, production agricole et d\u00e9mographie interroge et inqui\u00e8te.<\/p>\n\n\n\n<p>Les premiers Brics (l\u2019acronyme avait \u00e9t\u00e9 invent\u00e9 par Jim O\u2019 Neill, un \u00e9conomiste de Goldman-Sachs) ont \u00e9merg\u00e9 \u00e0 l\u2019occasion du sommet de l\u2019OMC de Doha (Qatar) en 2001. Une coalition de 5 pays (comme pour les pr\u00e9mices des non-align\u00e9s) qui refusaient les dispositions prises par l\u2019OMC en mati\u00e8re d\u2019agriculture, jugeant les accords propos\u00e9s par trop d\u00e9favorables \u00e0 leurs int\u00e9r\u00eats. Il s\u2019agissait \u00e0 l\u2019\u00e9poque du Br\u00e9sil de Lula, de la Russie de Poutine (d\u00e9j\u00e0), de l\u2019Inde et de la Chine. Il faut souligner qu\u2019\u00e0 l\u2019\u00e9poque, le \u00ab&nbsp;s&nbsp;\u00bb de Brics \u00e9tait utilis\u00e9 pour le pluriel, l\u2019Afrique du Sud post-Mandela n\u2019adh\u00e9rera au bloc que bien plus tard, en 2009.<\/p>\n\n\n\n<p>Pas grand-chose \u00e0 voir avec les strat\u00e9gies d\u2019autonomie des non-align\u00e9s, mais un refus ferme de la domination des grands c\u00e9r\u00e9aliers am\u00e9ricains et des \u00e9changes in\u00e9gaux affectant le secteur agricole. Les altermondialistes, apr\u00e8s les \u00e9meutes de Seattle de 1999 qui avaient fait \u00e9chouer un sommet de l\u2019OMC, se r\u00e9jouissaient de cette opposition qui confortait leur refus de la mondialisation lib\u00e9rale, mais inutile de pr\u00e9ciser que les Brics n\u2019agissaient pas de la sorte pour leur faire plaisir. Des questions de real politic, de commerce international et de rapports de force bien \u00e9loign\u00e9s des id\u00e9aux de justice et d\u2019\u00e9galit\u00e9 des premi\u00e8res associations altermondialistes, dont Attac.<\/p>\n\n\n\n<p>Plus tard, les sommets de l\u2019OMC se sont tenus plus rarement et dans des endroits impossibles d\u2019acc\u00e8s avec toujours ce refus obstin\u00e9 des Brics concernant l\u2019agriculture, mais aussi de certaines nations europ\u00e9ennes (la France en particulier) sur le volet culturel et plus pr\u00e9cis\u00e9ment cin\u00e9matographique.<\/p>\n\n\n\n<p>Mais les Brics vont progressivement, en l\u2019absence de sommet par temps de crise de l\u2019OMC, retrouver leur autonomie et, \u00e0 part la constitution de ce front du refus sur l\u2019agriculture, pas grand-chose ne les r\u00e9unit, pour ne pas dire que tout les oppose, \u00e0 part la volont\u00e9 de faire capoter le nouveau cycle de Doha de l\u2019OMC. Objectif atteint pour une alliance d\u2019int\u00e9r\u00eats \u00e9conomiques n\u2019ayant pas vraiment trouv\u00e9 de d\u00e9bouch\u00e9s politiques. Partie remise&nbsp;?<\/p>\n\n\n\n<p>Le Br\u00e9sil socialiste de Lula n\u2019a rien \u00e0 voir avec la Russie totalitaire de Poutine ou le capitalisme d\u2019\u00e9tat chinois et, m\u00eame si l\u2019Inde est dirig\u00e9e par le PNC, plut\u00f4t \u00e0 gauche et l\u2019Afrique du Sud par l\u2019ANC, les tiraillements se font jour et l\u2019alliance n\u2019est pas appel\u00e9e \u00e0 durer. Il faudra attendre plus de 20 longues ann\u00e9es pour voir les Brics se r\u00e9activer et agr\u00e9ger de nouvelles nations.<\/p>\n\n\n\n<p>C\u2019est surtout \u00e0 l\u2019\u00e9t\u00e9 2023 que la question des Brics rebondit. Les Brics ne sont plus 5 mais 11, avec l\u2019Iran, l\u2019Argentine, l\u2019\u00c9gypte, l\u2019\u00c9thiopie et l\u2019Arabie Saoudite. Leur adh\u00e9sion ne prendra effet que le 1\u00b0 janvier 2024. Pour d\u2019obscures raison, l\u2019Alg\u00e9rie, candidate, n\u2019a pas \u00e9t\u00e9 retenue peut-\u00eatre \u00e0 cause du Maroc. On parle donc maintenant des Brics +. Tout cela change \u00e9videmment la donne et fait na\u00eetre des app\u00e9tits quand on mesure le poids \u00e9conomique et d\u00e9mographique de ce nouvel ensemble, certes toujours aussi disparate, mais n\u00e9anmoins puissant, surtout replac\u00e9 dans le contexte d\u2019une baisse du leadership am\u00e9ricain et d\u2019une Russie englu\u00e9e dans le conflit avec l\u2019Ukraine. Mais la Russie, dira-t-on, fait toujours partie des Brics. Pas si simple. Disons un pied dedans, un pied dehors.<\/p>\n\n\n\n<p>Qu\u2019on mesure d\u2019abord, en quelques chiffres, l\u2019importance de ces 11 pays. Les Brics repr\u00e9sentent 50&nbsp;% de la croissance mondiale des dix derni\u00e8res ann\u00e9es&nbsp;; 31,5 % du PIB mondial (soit plus que celui des pays du G7 estim\u00e9 \u00e0 30%), 54&nbsp;% de la production p\u00e9troli\u00e8re et 46&nbsp;% de la population mondiale. Sans compter les terres rares estim\u00e9es aux 2\/3.<\/p>\n\n\n\n<p>Le sommet des retrouvailles pour les Brics s\u2019est tenu le 24 ao\u00fbt de cette ann\u00e9e, \u00e0 Johannesburg (l\u2019Afrique du Sud pays h\u00f4te). C\u2019\u00e9tait le 15\u00b0 sommet des Brics depuis 2009 et l\u2019entr\u00e9e de l\u2019Afrique du Sud et ce sommet a \u00e9clips\u00e9 le G20 qui s\u2019est tenu au m\u00eame moment \u00e0 New Delhi. <em>Le Monde Diplomatique <\/em>d\u2019octobre 2023 en dessine bien les enjeux, sous la plume de Martine Bulard.<\/p>\n\n\n\n<p>Pour elle, les Brics ne sont pas un bloc politique anti-occidental et encore moins antilib\u00e9ral. Les vertus du libre-\u00e9change y demeurent pr\u00e9gnantes. En revanche, les Brics entendent r\u00e9former les grandes institutions internationales pour donner plus de poids politique et \u00e9conomique aux pays \u00e9mergents. C\u2019est vrai de l\u2019ONU et de son conseil de s\u00e9curit\u00e9, mais aussi du FMI ou de la Banque mondiale. Un ordre du monde injuste qu\u2019ils ont donc l\u2019intention de contester.<\/p>\n\n\n\n<p>Le plus grave pour l\u2019occident, c\u2019est la mention des monnaies dans le communiqu\u00e9 final&nbsp;: <em>\u00ab&nbsp;l\u2019importance d\u2019encourager des monnaies nationales dans le commerce international et les transactions financi\u00e8res entre les Brics ainsi qu\u2019avec leurs partenaires commerciaux&nbsp;\u00bb, <\/em>souligne <em>L<\/em><em>e Monde Diplomatique<\/em>). C\u2019est l\u00e0 la menace principale. On envisage de ne plus passer par le dollar avec un renforcement des dispositifs d\u2019entraide et une banque de d\u00e9veloppement, \u00ab&nbsp;la banque des Brics&nbsp;\u00bb pour ce faire.<\/p>\n\n\n\n<p>Si les Brics ne sont pas partis pour bouleverser les grands \u00e9quilibres et la marche du monde, on peut en revanche imaginer qu\u2019ils remettront en question les hi\u00e9rarchies \u00e9conomiques et politiques dans le sens d\u2019une meilleure prise en compte des int\u00e9r\u00eats des pays \u00e9mergents. Pas forc\u00e9ment une bonne nouvelle pour les occidentaux que nous sommes.<\/p>\n\n\n\n<p>La comparaison avec les Non-align\u00e9s s\u2019arr\u00eate l\u00e0, car il n\u2019y a pas \u00e0 proprement parler de volont\u00e9 politique ni d\u00e9sir d\u2019un grand bouleversement&nbsp;; les int\u00e9r\u00eats des uns et des autres \u00e9tant trop diversifi\u00e9s. Pour l\u2019instant, serait-on tent\u00e9 de dire. D\u2019autant que l\u2019\u00e9largissement des Brics n\u2019en est peut-\u00eatre pas \u00e0 son dernier stade et que d\u2019autres pays trouveront s\u00fbrement \u00e0 l\u2019avenir un int\u00e9r\u00eat \u00e0 y adh\u00e9rer. Ce n\u2019est pas de la politique fiction.<\/p>\n\n\n\n<p>Alors que les \u00c9tats-Unis peinent \u00e0 maintenir leur domination et que l\u2019Occident se remet difficilement des crises sociales, sanitaires, \u00e9cologiques (elles ont eu lieu partout mais les autres tombent de moins haut et n\u2019affichent pas les m\u00eames standards d\u00e9mocratiques) et \u00e9conomiques avec les r\u00e9percussions du conflit russo-ukrainien, la Chine en a assez d\u2019\u00eatre l\u2019atelier du monde et, \u00e0 travers les nouvelles routes de la soie, est en train de mailler un dispositif technologique et commercial enserrant le monde dans ses rets. Sa pr\u00e9sence en Afrique va croissante et elle est en train de rallier \u00e0 sa cause une partie du monde arabe.<\/p>\n\n\n\n<p>Les autres Brics s\u2019accrochent \u00e0 sa roue pour exister \u00e0 l\u2019avenir, et l\u2019Inde en est un exemple parfait, m\u00eame si les relations en Chine et Inde ne sont pas au beau fixe \u00e0 cause de litiges territoriaux.<\/p>\n\n\n\n<p>C\u2019est lorsque les diff\u00e9rends seront aplanis entre ces pays et que les relations seront apais\u00e9es \u2013 l\u2019entit\u00e9 Brics y aidera &#8211; que l\u2019on pourra mesurer l\u2019ampleur des changements \u00e0 venir dans l\u2019ordre mondial. Un nouvel ordre mondial&nbsp;? Quand les Brics s\u2019\u00e9veilleront&#8230; Ce n\u2019est plus la Chine qui tremblera, comme le pr\u00e9disait avec emphase le sinistre Peyrefitte, mais nous, les pays occidentaux.<\/p>\n\n\n\n<p><em>3 octobre 2023<\/em><\/p>\n","protected":false},"excerpt":{"rendered":"<p>Je ne parvenais pas \u00e0 me d\u00e9cider entre parler du renouveau du syndicalisme am\u00e9ricain \u00e0 travers les gr\u00e8ves du syndicat U.A.W (United Auto Workers) dans les Big Three (General Motors, Ford et Stellandis ex Chrysler) et les BRICS. Finalement, ce seront les BRICS dont on a beaucoup parl\u00e9 cet \u00e9t\u00e9. Les BRICS augment\u00e9s ou Brics&#8230;<\/p>\n<div class=\" [&hellip;]\"><a href=\"https:\/\/passionschroniques.fr\/?p=3593\">Read More <i class=\"os-icon os-icon-angle-right\"><\/i><\/a><\/div>\n","protected":false},"author":1,"featured_media":3595,"comment_status":"open","ping_status":"open","sticky":false,"template":"","format":"standard","meta":[],"categories":[34,47],"tags":[],"_links":{"self":[{"href":"https:\/\/passionschroniques.fr\/index.php?rest_route=\/wp\/v2\/posts\/3593"}],"collection":[{"href":"https:\/\/passionschroniques.fr\/index.php?rest_route=\/wp\/v2\/posts"}],"about":[{"href":"https:\/\/passionschroniques.fr\/index.php?rest_route=\/wp\/v2\/types\/post"}],"author":[{"embeddable":true,"href":"https:\/\/passionschroniques.fr\/index.php?rest_route=\/wp\/v2\/users\/1"}],"replies":[{"embeddable":true,"href":"https:\/\/passionschroniques.fr\/index.php?rest_route=%2Fwp%2Fv2%2Fcomments&post=3593"}],"version-history":[{"count":4,"href":"https:\/\/passionschroniques.fr\/index.php?rest_route=\/wp\/v2\/posts\/3593\/revisions"}],"predecessor-version":[{"id":3612,"href":"https:\/\/passionschroniques.fr\/index.php?rest_route=\/wp\/v2\/posts\/3593\/revisions\/3612"}],"wp:featuredmedia":[{"embeddable":true,"href":"https:\/\/passionschroniques.fr\/index.php?rest_route=\/wp\/v2\/media\/3595"}],"wp:attachment":[{"href":"https:\/\/passionschroniques.fr\/index.php?rest_route=%2Fwp%2Fv2%2Fmedia&parent=3593"}],"wp:term":[{"taxonomy":"category","embeddable":true,"href":"https:\/\/passionschroniques.fr\/index.php?rest_route=%2Fwp%2Fv2%2Fcategories&post=3593"},{"taxonomy":"post_tag","embeddable":true,"href":"https:\/\/passionschroniques.fr\/index.php?rest_route=%2Fwp%2Fv2%2Ftags&post=3593"}],"curies":[{"name":"wp","href":"https:\/\/api.w.org\/{rel}","templated":true}]}}