{"id":3765,"date":"2024-02-21T16:18:54","date_gmt":"2024-02-21T15:18:54","guid":{"rendered":"http:\/\/passionschroniques.fr\/?p=3765"},"modified":"2024-02-21T16:18:54","modified_gmt":"2024-02-21T15:18:54","slug":"la-petite-entreprise-du-camarade-lambert","status":"publish","type":"post","link":"https:\/\/passionschroniques.fr\/?p=3765","title":{"rendered":"LA PETITE ENTREPRISE DU CAMARADE LAMBERT"},"content":{"rendered":"\n<figure class=\"wp-block-image size-large is-resized\"><img loading=\"lazy\" src=\"http:\/\/passionschroniques.fr\/wp-content\/uploads\/2024\/02\/illustration371.jpg\" alt=\"\" class=\"wp-image-3766\" width=\"576\" height=\"576\" srcset=\"https:\/\/passionschroniques.fr\/wp-content\/uploads\/2024\/02\/illustration371.jpg 340w, https:\/\/passionschroniques.fr\/wp-content\/uploads\/2024\/02\/illustration371-300x300.jpg 300w, https:\/\/passionschroniques.fr\/wp-content\/uploads\/2024\/02\/illustration371-150x150.jpg 150w, https:\/\/passionschroniques.fr\/wp-content\/uploads\/2024\/02\/illustration371-30x30.jpg 30w\" sizes=\"(max-width: 576px) 100vw, 576px\" \/><figcaption>La couverture, avec l&rsquo;aimable autorisation de l&rsquo;\u00e9diteur. De gauche \u00e0 droite : Lambert &#8211; Boussel \/ M\u00e9lenchon \/ Cambadelis \/ Jospin. Belle brochette !<\/figcaption><\/figure>\n\n\n\n<p><strong>C\u2019est un livre passionnant, m\u00eame si on peut en critiquer certains aspects. \u00c0 commencer par son titre qui fait un peu document sensationnel dont la grande presse s\u2019arracherait les bonnes feuilles&nbsp;: <em>Trotskisme Histoires secr\u00e8tes \u2013 De Lambert \u00e0 M\u00e9lenchon.<\/em> De quoi s\u2019agit-il&nbsp;? Dans une premi\u00e8re partie, la meilleure, une histoire du trotskisme fran\u00e7ais en g\u00e9n\u00e9ral et de l\u2019OCI en particulier. Comment la pieuvre s\u2019est \u00e9tendue au syndicalisme \u00e9tudiant, aux mutuelles, \u00e0 F.O, au P.S, \u00e0 la Franc-Ma\u00e7onnerie\u2026 La seconde, un peu moins convaincante \u00e0 mon avis, traite de l\u2019h\u00e9ritage du Lambertisme et de l\u2019OCI dans l\u2019actuelle LFI \u00e0 travers la personne de Jean-Luc M\u00e9lenchon. Mon tout est un livre qu\u2019on d\u00e9vore avec jubilation, bien \u00e9crit et remarquablement document\u00e9. Un r\u00e9gal absolu pour qui s\u2019int\u00e9resse si peu que ce soit \u00e0 la politique.<\/strong><\/p>\n\n\n\n<p>Passons d\u2019abord aux pr\u00e9sentations. Deux anciens de l\u2019OCI donc. Laurent Mauduit a \u00e9t\u00e9 journaliste \u00e0 <em>Informations ouvri\u00e8res<\/em>, le canard de la maison, puis chef du service \u00e9conomie-social de <em>Lib\u00e9ration,<\/em> r\u00e9dacteur au <em>Monde,<\/em> qu\u2019il quitte sur un article censur\u00e9, et cofondateur de M\u00e9diapart.<\/p>\n\n\n\n<p>Denis Sieffert, que l\u2019on conna\u00eet un peu pour avoir fait partie du Conseil d\u2019administration de l\u2019hebdomadaire<em> Politis<\/em> en tant que \u00ab&nbsp;lecteur &#8211; correspondant&nbsp;\u00bb a \u00e9t\u00e9 pr\u00e9sident de l\u2019Unef Unit\u00e9 syndicale (d\u2019ob\u00e9dience trotskiste oppos\u00e9e \u00e0 l\u2019Unef Renouveau proche du PCF) puis journaliste sportif (<em>France Football<\/em>), reporter \u00e0 l<em>\u2019ACP <\/em>(Agence Centrale de Presse) o\u00f9 il suit les d\u00e9placements de Fran\u00e7ois Mitterrand et r\u00e9dacteur en chef puis directeur de la r\u00e9daction de <em>Politis<\/em> dont il est toujours \u00e9ditorialiste.<\/p>\n\n\n\n<p>De l\u2019OCI, on ne connaissait pas grand-chose. Une autre secte trotskiste avec Lutte Ouvri\u00e8re, et on se souvient de militants de F.O cart\u00e9s \u00e0 l\u2019OCI qui venaient nous reprocher notre appartenance \u00e0 la CFDT, dans les ann\u00e9es 1970. Pour eux, la CFDT, c\u2019\u00e9tait les cur\u00e9s et le Vatican quand la CGT c\u2019\u00e9tait Moscou et Staline. Eux, c\u2019\u00e9tait F.O, un syndicat pragmatique de n\u00e9gociateurs habiles qu\u2019on n\u2019\u00e9tait pas loin de qualifier de \u00ab&nbsp;jaunes&nbsp;\u00bb au chapitre de l\u2019action. Mais les camarades de l\u2019OCI avaient choisi F.O, et ce n\u2019\u00e9tait m\u00eame plus de l\u2019entrisme tant la plupart s\u2019\u00e9taient coul\u00e9s dans le moule des compromis bureaucratiques de la maison Bergeron.<\/p>\n\n\n\n<p>Le livre commence par une histoire du trotskisme fran\u00e7ais qui est aussi un pan non n\u00e9gligeable de l\u2019histoire du mouvement ouvrier. Depuis la IV\u00b0 Internationale du \u00ab&nbsp;vieux&nbsp;\u00bb (Trotski lui-m\u00eame) en 1938 jusqu\u2019\u00e0 ses la succession d\u2019organisations la repr\u00e9sentant&nbsp;: POI d\u2019abord puis PCI pour la section fran\u00e7aise apr\u00e8s-guerre jusqu\u2019au schisme de 1952 o\u00f9 le groupe Lambert fait scission. On parle de schisme comme on parlera aussi d\u2019excommunications, de mises \u00e0 l\u2019index, de chapelles et de sectes tant ces histoires du communisme international ont \u00e0 voir avec le catholicisme et ses circonvolutions.<\/p>\n\n\n\n<p>La scission a pour origine un d\u00e9nomm\u00e9 Michel Raptis, alias Pablo, qui fait le constat que, en ces temps de guerre froide, la guerre est imminente entre entre les deux p\u00f4les capitalistes et communistes (entendre staliniens). Plus de place pour le projet de Front de classe du trotskisme, il importe de choisir le camp communiste pour, en y faisant de l\u2019entrisme, se rapprocher des masses et lui faire retrouver sa vocation r\u00e9volutionnaire pour l\u2019\u00e9mancipation de la classe ouvri\u00e8re. C\u2019est ainsi que beaucoup de militants du PCI maintenu (moins le groupe Lambert donc) vont infiltrer la CGT et le PCF en essayant d\u2019infl\u00e9chir la ligne politique de ces organisations de masse. Le PCI maintenu et ses jeunes militants vont aussi s\u2019investir dans les organisations de jeunesse du PCF (Jeunesses Communistes et Union des \u00c9tudiants Communistes), l\u2019U.E.C dont ils seront exclus, l\u2019occasion de fonder les Jeunesse Communistes R\u00e9volutionnaires (JCR) qui deviendront la Ligue Communiste en 1969.<\/p>\n\n\n\n<p>Pour Lambert et les siens, les Pablistes sont devenus, avec le PCF, l\u2019ennemi principal. L\u2019OCI na\u00eet en 1965 et l\u2019entrisme de ce qu\u2019on appelle les Lambertistes s\u2019est fait surtout dans la centrale Force Ouvri\u00e8re o\u00f9 beaucoup de militants Lambertistes ont leur rond de serviette. Les jeunes Lambertistes seront actifs dans les milieux \u00e9tudiants, notamment avec le F.E.R (F\u00e9d\u00e9ration des \u00c9tudiants R\u00e9volutionnaires) en 1968 puis l\u2019A.J.S (Alliance des Jeunes pour le Socialisme). Mais la PME Lambert ira beaucoup plus loin en noyautant le syndicalisme (Unef) et les mutuelles \u00e9tudiantes (Mnef), F.O (dont quatre secr\u00e9taires g\u00e9n\u00e9raux venaient de l\u2019OCI), le P.S (avec Cambadelis qui va devenir secr\u00e9taire g\u00e9n\u00e9ral sous Hollande) et jusqu\u2019\u00e0 la Franc-ma\u00e7onnerie. Pas mal pour un petit parti qui, au plus fort de son ascension, n\u2019atteindra jamais les 10000 adh\u00e9rents. Une pieuvre qui phagocyte des secteurs entiers du syndicalisme et de la politique et on s\u2019interroge sur le personnage de Lambert que les auteurs ont tendance \u00e0 sous-estimer. Le \u00ab&nbsp;p\u00e9p\u00e9-m\u00e9got&nbsp;\u00bb d\u00e9crit dans le livre a certainement \u00e0 voir avec un Louis XI, \u00ab&nbsp;l\u2019araigne universelle&nbsp;\u00bb, tissant sa toile et laissant ses affid\u00e9s attirer les proies. On nous dit que Lambert est un individu inculte et sans charisme, en plus d\u2019\u00eatre un autoritaire et un manipulateur, ce qu\u2019on savait d\u00e9j\u00e0. Certes, mais il doit bien y avoir quelque chose en plus, autre chose que le triste candidat de la pr\u00e9sidentielle de 1988 o\u00f9 il se pr\u00e9sente comme un modeste salari\u00e9 de la s\u00e9curit\u00e9 sociale (0,38%). L\u2019\u00e9nigme Lambert n\u2019est pas r\u00e9solue. Mais, apr\u00e8s tout, Staline \u00e9tait aussi un rustre inculte.<\/p>\n\n\n\n<p>Les auteurs font le portrait de quelques camarades truculents et retracent l\u2019histoire m\u00e9andreuse de l\u2019OCI, du soutien au MNA de Messali Hadj (le FLN est consid\u00e9r\u00e9 comme \u00ab&nbsp;nationaliste, de m\u00eame que le Viet Minh) au POI M\u00e9lenchoniste d\u2019aujourd\u2019hui en passant par la \u00ab&nbsp;soupe de sigles&nbsp;\u00bb qui faisait grimacer M\u00e9lenchon&nbsp;: PCI, MPPT, P.T, POI qui subira la scission donnant lieu au POID redevenu le P.T (il faut suivre). Les auteurs mettent au cr\u00e9dit de l\u2019OCI la lib\u00e9ration de prisonniers politiques russes comme Pliouchtch ou Boukovski mais ne le gratifient de pas grand-chose d\u2019autre. Une secte scl\u00e9ros\u00e9e dirig\u00e9e par un chef qui ne souffre aucune contradiction et un aveuglement \u00e0 tous les mouvements sociaux n\u00e9s dans les ann\u00e9es 1970: \u00e9cologie, autogestion, f\u00e9minisme\u2026 Un anti imp\u00e9rialisme revendiqu\u00e9 mais plut\u00f4t incantatoire pour la galerie (avec ce qu\u2019il faut d\u2019anticl\u00e9ricalisme et de la\u00efcit\u00e9) et, en sous-main, la conqu\u00eate de positions strat\u00e9giques dans les grosses \u00e9curies politiques et syndicales. L\u2019OCI soutiendra Mitterrand en 1981 et ce sera son chant du cygne, les r\u00e9volutionnaires purs et durs se transformant en sociaux-lib\u00e9raux Strauss-kahniens apr\u00e8s que leur groupe Convergences socialistes (avec Cambadelis en t\u00eate) rejoindra le P.S au milieu des ann\u00e9es 1980. Cambadelis et M\u00e9lenchon, sans oublier un certain Lionel Jospin, le camarade Michel, trotskiste honteux form\u00e9 par Boris Fraenkel, trotskard atypique qui finira par se suicider. Car cette histoire a aussi la noirceur de la trag\u00e9die. Des Trotskistes au comportement souvent Stalinien, ou disons L\u00e9niniste.<\/p>\n\n\n\n<p>Le camarade M\u00e9lenchon dont on n\u2019a pas encore parl\u00e9, \u00e9tudiant membre de l\u2019Unef \u00e0 Besan\u00e7on qui monte \u00e0 Paris grossir les rangs de l\u2019OCI. Il en sortira pour rejoindre lui aussi le P.S en y fondant le courant \u00ab&nbsp;Gauche Socialiste&nbsp;\u00bb avec Dray et Lieneman. La suite est connue&nbsp;: non au TCE, P.G, Front de Gauche et La France Insoumise. M\u00e9lenchon n\u2019a jamais fait d\u2019entrisme pour l\u2019OCI, mais il en a gard\u00e9 les travers : autoritarisme, rapports tendus avec les m\u00e9dias, go\u00fbt des coups tordus et des man\u0153uvres et insensibilit\u00e9 aux questions et aux th\u00e8mes les plus actuels.<\/p>\n\n\n\n<p>C\u2019est la partie la moins convaincante du livre. Si l\u2019autoritarisme et le sectarisme d\u2019un M\u00e9lenchon ne font plus de doute, il est pour le moins contestable de n\u2019en faire qu\u2019un politicien retors et narcissique tournant le dos aux enjeux majeurs de ces temps. L\u2019\u00e9cosocialisme, concept qu\u2019il a construit avec Corinne Morel-Darleux et Martine Billard, est un engagement sinc\u00e8re (avec son int\u00e9r\u00eat pour la mer, m\u00eame s\u2019il omet de dire que la fa\u00e7ade maritime est surtout d\u2019outre-mer), plus qu\u2019une posture, de m\u00eame que son combat d\u00e9mocratique pour une VI\u00b0 R\u00e9publique et un f\u00e9minisme (au moins avant l\u2019affaire Quatennens) qu\u2019il a d\u00e9montr\u00e9 en pla\u00e7ant souvent des femmes aux postes cl\u00e9s, derni\u00e8rement Aur\u00e9lie Trouv\u00e9 \u00e0 la t\u00eate de l\u2019Union Populaire, sans parler de Manon Aubry aux Europ\u00e9ennes. Reste la question de ses prises de position sur l\u2019\u00e9tranger (Russie, Syrie\u2026) qui ne plaident pas en sa faveur, quoi qu\u2019il n\u2019ait pas que des torts sur l\u2019Am\u00e9rique latine, loin de l\u00e0.<\/p>\n\n\n\n<p>Qu\u2019il soit autoritaire, pas de doute et, aux nombreux exemples cit\u00e9s d\u2019\u00e9victions ou de mises \u00e0 l\u2019\u00e9cart, on pourrait ajouter Marc Dolez, cofondateur du P.G et tant d\u2019autres. En cela, les auteurs n\u2019ont pas tort, mais \u00e0 trop vouloir prouver\u2026 Pour ce qui est du jeu pervers entretenu avec les m\u00e9dias, on peut parfois comprendre son exasp\u00e9ration, m\u00eame si son attitude avec les journaux plut\u00f4t amis est d\u00e9concertante, mais on mettra cela sur le compte des petites diff\u00e9rences narcissiques ch\u00e8res \u00e0 Freud. Et puis, question sur laquelle on finit par chuter&nbsp;: qui, \u00e0 gauche, sinon lui&nbsp;? Il faut qu\u2019il parte, nous disent les auteurs, car rien ne sera possible tant qu\u2019il sera l\u00e0. Apr\u00e8s \u00ab&nbsp;qu\u2019ils s\u2019en aillent tous&nbsp;\u00bb, c\u2019est \u00ab&nbsp;qu\u2019il parte, lui!&nbsp;\u00bb.<\/p>\n\n\n\n<p>Voil\u00e0 en tout cas un livre dont l\u2019int\u00e9r\u00eat ne se d\u00e9ment pas au fil de la lecture, un document pr\u00e9cieux et bien inform\u00e9. Et on se dit malheureusement, au final, que tant qu\u2019il y aura des Cambadelis, des Le Guen et des Lambert (et des M\u00e9lenchon?) au plus haut des appareils politiques, rien ne sera possible. C\u2019est peut-\u00eatre la le\u00e7on principale de ce livre, qu\u2019il faudra d\u2019abord s\u2019affranchir des opportunistes, des aventuriers, des C\u00e9sar, des tribuns et des sauveurs supr\u00eames. Gauche, encore un effort&nbsp;!<\/p>\n\n\n\n<p>\/<\/p>\n\n\n\n<p>Laurent Mauduit et Denis Sieffert \/ <em>Trotskisme \u2013 Histoires secr\u00e8tes \u2013 De Lambert \u00e0 M\u00e9lenchon<\/em> \/ Les petits matins -2024.<\/p>\n\n\n\n<p><em>4 f\u00e9vrier 2024<\/em><\/p>\n","protected":false},"excerpt":{"rendered":"<p>C\u2019est un livre passionnant, m\u00eame si on peut en critiquer certains aspects. \u00c0 commencer par son titre qui fait un peu document sensationnel dont la grande presse s\u2019arracherait les bonnes feuilles&nbsp;: Trotskisme Histoires secr\u00e8tes \u2013 De Lambert \u00e0 M\u00e9lenchon. De quoi s\u2019agit-il&nbsp;? Dans une premi\u00e8re partie, la meilleure, une histoire du trotskisme fran\u00e7ais en g\u00e9n\u00e9ral&#8230;<\/p>\n<div class=\" [&hellip;]\"><a href=\"https:\/\/passionschroniques.fr\/?p=3765\">Read More <i class=\"os-icon os-icon-angle-right\"><\/i><\/a><\/div>\n","protected":false},"author":1,"featured_media":3766,"comment_status":"open","ping_status":"open","sticky":false,"template":"","format":"standard","meta":[],"categories":[44,31],"tags":[],"_links":{"self":[{"href":"https:\/\/passionschroniques.fr\/index.php?rest_route=\/wp\/v2\/posts\/3765"}],"collection":[{"href":"https:\/\/passionschroniques.fr\/index.php?rest_route=\/wp\/v2\/posts"}],"about":[{"href":"https:\/\/passionschroniques.fr\/index.php?rest_route=\/wp\/v2\/types\/post"}],"author":[{"embeddable":true,"href":"https:\/\/passionschroniques.fr\/index.php?rest_route=\/wp\/v2\/users\/1"}],"replies":[{"embeddable":true,"href":"https:\/\/passionschroniques.fr\/index.php?rest_route=%2Fwp%2Fv2%2Fcomments&post=3765"}],"version-history":[{"count":2,"href":"https:\/\/passionschroniques.fr\/index.php?rest_route=\/wp\/v2\/posts\/3765\/revisions"}],"predecessor-version":[{"id":3768,"href":"https:\/\/passionschroniques.fr\/index.php?rest_route=\/wp\/v2\/posts\/3765\/revisions\/3768"}],"wp:featuredmedia":[{"embeddable":true,"href":"https:\/\/passionschroniques.fr\/index.php?rest_route=\/wp\/v2\/media\/3766"}],"wp:attachment":[{"href":"https:\/\/passionschroniques.fr\/index.php?rest_route=%2Fwp%2Fv2%2Fmedia&parent=3765"}],"wp:term":[{"taxonomy":"category","embeddable":true,"href":"https:\/\/passionschroniques.fr\/index.php?rest_route=%2Fwp%2Fv2%2Fcategories&post=3765"},{"taxonomy":"post_tag","embeddable":true,"href":"https:\/\/passionschroniques.fr\/index.php?rest_route=%2Fwp%2Fv2%2Ftags&post=3765"}],"curies":[{"name":"wp","href":"https:\/\/api.w.org\/{rel}","templated":true}]}}