{"id":3936,"date":"2024-08-14T18:40:37","date_gmt":"2024-08-14T16:40:37","guid":{"rendered":"http:\/\/passionschroniques.fr\/?p=3936"},"modified":"2024-08-14T18:40:39","modified_gmt":"2024-08-14T16:40:39","slug":"edito-4-ans","status":"publish","type":"post","link":"https:\/\/passionschroniques.fr\/?p=3936","title":{"rendered":"\u00e9dito 4 ans"},"content":{"rendered":"\n<figure class=\"wp-block-image size-large\"><img loading=\"lazy\" width=\"1000\" height=\"707\" src=\"http:\/\/passionschroniques.fr\/wp-content\/uploads\/2024\/08\/illustration399.jpg\" alt=\"\" class=\"wp-image-3938\" srcset=\"https:\/\/passionschroniques.fr\/wp-content\/uploads\/2024\/08\/illustration399.jpg 1000w, https:\/\/passionschroniques.fr\/wp-content\/uploads\/2024\/08\/illustration399-300x212.jpg 300w, https:\/\/passionschroniques.fr\/wp-content\/uploads\/2024\/08\/illustration399-768x543.jpg 768w, https:\/\/passionschroniques.fr\/wp-content\/uploads\/2024\/08\/illustration399-900x636.jpg 900w, https:\/\/passionschroniques.fr\/wp-content\/uploads\/2024\/08\/illustration399-600x424.jpg 600w, https:\/\/passionschroniques.fr\/wp-content\/uploads\/2024\/08\/illustration399-30x21.jpg 30w\" sizes=\"(max-width: 1000px) 100vw, 1000px\" \/><\/figure>\n\n\n\n<p>Voici maintenant 4 ans que ce blog existe. Il a \u00e9t\u00e9 commenc\u00e9 au plus fort du confinement et dans un contexte passablement d\u00e9pressif apr\u00e8s quelques rencontres avec mon ami Nawri qui en a mont\u00e9 l\u2019architecture. Qu\u2019il soit ici encore remerci\u00e9 car mon incomp\u00e9tence crasse en informatique et pour tout ce qui touche au num\u00e9rique ne m\u2019aurait pas permis de mener \u00e0 bien un tel projet.<\/p>\n\n\n\n<p>J\u2019ai d\u00e9j\u00e0 expliqu\u00e9 les raisons, les buts et les motivations qui m\u2019ont amen\u00e9 \u00e0 faire ce blog et je ne vais pas y revenir ici. Un besoin de cr\u00e9er, en m\u00eame temps que celui de faire partager des passions comme celui plus ambitieux d\u2019\u00eatre un peu reconnu d\u2019un cercle amical pour autre chose que le militantisme politique, syndical ou associatif<\/p>\n\n\n\n<p>Je ne vais pas plus refaire le coup du \u00ab&nbsp;stop ou encore&nbsp;\u00bb et des mini-sondages, ayant finalement compris que l\u2019arr\u00eat ou la continuation de ce blog ne pouvait d\u00e9pendre que de moi et de moi seul, de mes envies et de mes intentions.<\/p>\n\n\n\n<p>J\u2019aimerais parfois voir plus de commentaires et de remarques sur les textes publi\u00e9s, mais je suis aussi conscient que des gens me lisent sans n\u00e9cessairement avoir besoin de laisser des traces \u00e9crites au su et au vu de tous. M\u00eame si j\u2019ai peu de retours, je peux quand m\u00eame m\u2019apercevoir au hasard des conversations que d\u2019aucuns lisent par ci par l\u00e0 ce qui les int\u00e9resse, sans \u00e9prouver la n\u00e9cessit\u00e9 de me faire part de leurs enthousiasmes ou de leurs d\u00e9ceptions. C\u2019est ainsi.<\/p>\n\n\n\n<p>Je remercie toutefois tout particuli\u00e8rement les 5 ou 6 personnes qui me font l\u2019honneur de commentaires assez r\u00e9guliers, et surtout de l\u2019ami am\u00e9ricain qui ne rate pas une occasion de m\u2019en faire, chaque texte se voyant gratifi\u00e9 de quelques lignes amicales, voire fraternelles.<\/p>\n\n\n\n<p>Sinon, l\u2019h\u00e9bergeur m\u2019a menac\u00e9 de mettre fin au service en attente de renouvellement d\u2019un moyen de paiement et j\u2019ai pens\u00e9 un moment que c\u2019\u00e9tait peut-\u00eatre le signe qu\u2019il \u00e9tait temps d\u2019arr\u00eater. Un autre signe, a contrario, a \u00e9t\u00e9 la notification de mon \u00e9diteur de ne plus me publier, compte tenu de difficult\u00e9s \u00e9conomiques et de la relative faiblesse de mes ventes. C\u2019est son choix et je ne reviens pas l\u00e0-dessus non plus, sauf que cette d\u00e9cision m\u2019a confort\u00e9 dans ma d\u00e9cision de continuer ce blog, voire de passer au roman si tant est que l\u2019inspiration vienne me visiter. Mais je me crois plus dou\u00e9 \u2013 ou moins mauvais pour rester modeste \u2013 dans la nouvelle et dans la forme courte.<\/p>\n\n\n\n<p>J\u2019ai bien pens\u00e9 un moment arr\u00eater, et continuer \u00e0 \u00e9crire des textes pour mon compte Facebook, \u00e0 destination des 300 et quelques amis virtuels que j\u2019ai eu l\u2019occasion de me faire dans ma courte vie sur les r\u00e9seaux sociaux. 300 amis contre une centaine de destinataires de ce blog\u2026 Mais je suis certain que les amis en question lui accorderaient encore moins d\u2019int\u00e9r\u00eat que les actuels lecteurs et lectrices potentielles \u00e0 ce jour.<\/p>\n\n\n\n<p>Alors on continue, vaille que vaille et sans presque rien changer \u00e0 la formule. Des mauvaises langues diront qu\u2019on ne change pas une \u00e9quipe qui perd, mais je leur r\u00e9torquerai que, selon la formule en vogue du baron Coubertin, l\u2019essentiel est de participer au monde de la culture sans en subir les diktats, les modes, les prescriptions et injonctions m\u00e9diatiques quotidiennes&nbsp;: les romans de la rentr\u00e9e, la s\u00e9rie qui va changer votre vie, la chanteuse qui monte et le film qu\u2019il faut avoir vu.<\/p>\n\n\n\n<p>Tout au plus va-t-on s\u2019efforcer de chroniquer des livres un peu plus r\u00e9cents, trouvables en librairie, et d\u2019inaugurer une chronique \u00ab&nbsp;M\u00e9dias&nbsp;\u00bb car il est temps de critiquer les m\u00e9dias conventionnels dits dominants et surtout de barrer la route aux m\u00e9dias d\u2019extr\u00eame-droite qui, sous couvert de bon sens et de compassion pour la France qui souffre, sont en train de servir de tremplin aux fascistes et \u00e0 leurs alli\u00e9s. On n\u2019a pas la pr\u00e9tention de faire vaciller l\u2019empire Bollor\u00e9 (ou Arnault ou St\u00e9rin), mais on peut modestement se joindre au ch\u0153ur de ceux qui ne se r\u00e9signent pas \u00e0 leur domination dans un champ m\u00e9diatique de plus en plus d\u00e9l\u00e9t\u00e8re et naus\u00e9abond.<\/p>\n\n\n\n<p>Voil\u00e0, on arr\u00eate l\u00e0 et on souffle nos 4 bougies avant de se remettre au travail pour une saison, ou plusieurs, allez savoir\u2026<\/p>\n\n\n\n<p><em><u><strong>Eddy Torial<\/strong><\/u><\/em><\/p>\n","protected":false},"excerpt":{"rendered":"<p>Voici maintenant 4 ans que ce blog existe. Il a \u00e9t\u00e9 commenc\u00e9 au plus fort du confinement et dans un contexte passablement d\u00e9pressif apr\u00e8s quelques rencontres avec mon ami Nawri qui en a mont\u00e9 l\u2019architecture. Qu\u2019il soit ici encore remerci\u00e9 car mon incomp\u00e9tence crasse en informatique et pour tout ce qui touche au num\u00e9rique ne&#8230;<\/p>\n<div class=\" [&hellip;]\"><a href=\"https:\/\/passionschroniques.fr\/?p=3936\">Read More <i class=\"os-icon os-icon-angle-right\"><\/i><\/a><\/div>\n","protected":false},"author":1,"featured_media":3938,"comment_status":"open","ping_status":"open","sticky":false,"template":"","format":"standard","meta":[],"categories":[1],"tags":[],"_links":{"self":[{"href":"https:\/\/passionschroniques.fr\/index.php?rest_route=\/wp\/v2\/posts\/3936"}],"collection":[{"href":"https:\/\/passionschroniques.fr\/index.php?rest_route=\/wp\/v2\/posts"}],"about":[{"href":"https:\/\/passionschroniques.fr\/index.php?rest_route=\/wp\/v2\/types\/post"}],"author":[{"embeddable":true,"href":"https:\/\/passionschroniques.fr\/index.php?rest_route=\/wp\/v2\/users\/1"}],"replies":[{"embeddable":true,"href":"https:\/\/passionschroniques.fr\/index.php?rest_route=%2Fwp%2Fv2%2Fcomments&post=3936"}],"version-history":[{"count":3,"href":"https:\/\/passionschroniques.fr\/index.php?rest_route=\/wp\/v2\/posts\/3936\/revisions"}],"predecessor-version":[{"id":3940,"href":"https:\/\/passionschroniques.fr\/index.php?rest_route=\/wp\/v2\/posts\/3936\/revisions\/3940"}],"wp:featuredmedia":[{"embeddable":true,"href":"https:\/\/passionschroniques.fr\/index.php?rest_route=\/wp\/v2\/media\/3938"}],"wp:attachment":[{"href":"https:\/\/passionschroniques.fr\/index.php?rest_route=%2Fwp%2Fv2%2Fmedia&parent=3936"}],"wp:term":[{"taxonomy":"category","embeddable":true,"href":"https:\/\/passionschroniques.fr\/index.php?rest_route=%2Fwp%2Fv2%2Fcategories&post=3936"},{"taxonomy":"post_tag","embeddable":true,"href":"https:\/\/passionschroniques.fr\/index.php?rest_route=%2Fwp%2Fv2%2Ftags&post=3936"}],"curies":[{"name":"wp","href":"https:\/\/api.w.org\/{rel}","templated":true}]}}